{"id":513,"date":"2016-02-19T09:25:41","date_gmt":"2016-02-19T08:25:41","guid":{"rendered":"http:\/\/anna-kirsch.com\/?p=513"},"modified":"2016-10-07T11:07:06","modified_gmt":"2016-10-07T10:07:06","slug":"generations-2","status":"publish","type":"post","link":"https:\/\/anna-kirsch.com\/?p=513","title":{"rendered":"GENERATIONS"},"content":{"rendered":"<p>Mein Leben ist gepr\u00e4gt von Ereignissen und Begegnungen mit Menschen, die mit ihrer Geschichte mein Herz ber\u00fchren. In meinen Konzepten verbinden sich Erfahrungen, Gef\u00fchle und Beobachtungen, die ich in eine leise und intime Bildsprache \u00fcbersetze. Diese Projekte begleiten mich meistens \u00fcber Jahre und wachsen in mir und durch Unterst\u00fctzung anderer, die es spannend finden einen Beitrag zu einem Kunstwerk zu leisten oder selbst ein Teil davon zu werden.<\/p>\n<p>Auf meiner Suche nach Fotos von Frauen unterschiedlicher Generationen, haben Freundinnen ihre alten Fotoalben aus dem Schrank oder vom Speicher geholt und sich auf die Suche nach Bildern ihrer Vorm\u00fctter gemacht. In meiner aktuellen Arbeit stelle ich zwei Fotos einer Frau gegen\u00fcber \u2013 eins aus jungen Jahren und ein anderes das vierzig oder mehr Jahre sp\u00e4ter aufgenommen wurde. Ob Portrait, Hochzeitsfoto oder Gruppenbild die Grundlage bilden \u2013 die Bearbeitung verdeutlicht die wesentlichen Charakterz\u00fcge der Frauen. \u00c4hnlichkeiten in der Ahnenreihe werden sichtbar und die weibliche Sch\u00f6nheit bekommt eine ganz besondere Bedeutung.<\/p>\n<p>F\u00fcr diese Serie ist abschlie\u00dfend eine Ausstellung geplant, deshalb meine Frage nach Bildern aus Deiner Familie. Ich wei\u00df dass die Suche mit Aufwand und oft auch mit Emotionen verbunden ist, aber aus eigener Erfahrung und den Berichten der Freunde, die mir bereits ihre Bilder zur Verf\u00fcgung gestellt haben denke ich, dass es spannend und bereichernd ist, sich darauf einzulassen.<\/p>\n<p>So geht\u2019s: Fotos von Oma, Tante, Schwiegermutter usw. scannen (300 dpi) oder abfotografieren, mit Vornamen und Geburtsjahr versehen und mailen &#8211; oder per Post an mich schicken (Du bekommst sie garantiert innerhalb von 2 Wochen zur\u00fcck). Ich w\u00fcrde mich sehr freuen &#8211; und wenn Du magst sende diese Mail an Freunde und Bekannte mit der Bitte mitzumachen. Falls es Fragen gibt, bitte\u00a0schreiben\u00a0oder telefonieren.<br \/>\nAls Dankesch\u00f6n gibt es die bearbeiteten Portraits und eine Einladung zur ersten Ausstellung.<\/p>\n<p><em>Au\u00dferdem kaufe ich alte Schwarz-Wei\u00df Fotos (alle Motive) und biete fotografische Dokumentationen von Nachl\u00e4ssen und unbewohnten H\u00e4usern an. Beispiele sind unter dem Projekt WHAT REMAINS&#8230;&#8230; zu sehen<\/em><\/p>\n","protected":false},"excerpt":{"rendered":"<p>Mein Leben ist gepr\u00e4gt von Ereignissen und Begegnungen mit Menschen, die mit ihrer Geschichte mein Herz ber\u00fchren. In meinen Konzepten verbinden sich Erfahrungen, Gef\u00fchle und Beobachtungen, die ich in eine leise und intime Bildsprache \u00fcbersetze. Diese Projekte begleiten mich meistens \u00fcber Jahre und wachsen in mir und durch Unterst\u00fctzung anderer, &hellip;<\/p>\n<div class=\"wrap-excerpt-more\"><a class=\"excerpt-more\" href=\"https:\/\/anna-kirsch.com\/?p=513\">Continue reading<\/a><\/div>\n","protected":false},"author":2,"featured_media":507,"comment_status":"closed","ping_status":"closed","sticky":false,"template":"","format":"standard","meta":{"_monsterinsights_skip_tracking":false,"_monsterinsights_sitenote_active":false,"_monsterinsights_sitenote_note":"","_monsterinsights_sitenote_category":0,"footnotes":""},"categories":[1],"tags":[],"class_list":["post-513","post","type-post","status-publish","format-standard","has-post-thumbnail","hentry","category-uncategorised","post-with-media","post-with-featured-image"],"_links":{"self":[{"href":"https:\/\/anna-kirsch.com\/index.php?rest_route=\/wp\/v2\/posts\/513","targetHints":{"allow":["GET"]}}],"collection":[{"href":"https:\/\/anna-kirsch.com\/index.php?rest_route=\/wp\/v2\/posts"}],"about":[{"href":"https:\/\/anna-kirsch.com\/index.php?rest_route=\/wp\/v2\/types\/post"}],"author":[{"embeddable":true,"href":"https:\/\/anna-kirsch.com\/index.php?rest_route=\/wp\/v2\/users\/2"}],"replies":[{"embeddable":true,"href":"https:\/\/anna-kirsch.com\/index.php?rest_route=%2Fwp%2Fv2%2Fcomments&post=513"}],"version-history":[{"count":3,"href":"https:\/\/anna-kirsch.com\/index.php?rest_route=\/wp\/v2\/posts\/513\/revisions"}],"predecessor-version":[{"id":516,"href":"https:\/\/anna-kirsch.com\/index.php?rest_route=\/wp\/v2\/posts\/513\/revisions\/516"}],"wp:featuredmedia":[{"embeddable":true,"href":"https:\/\/anna-kirsch.com\/index.php?rest_route=\/wp\/v2\/media\/507"}],"wp:attachment":[{"href":"https:\/\/anna-kirsch.com\/index.php?rest_route=%2Fwp%2Fv2%2Fmedia&parent=513"}],"wp:term":[{"taxonomy":"category","embeddable":true,"href":"https:\/\/anna-kirsch.com\/index.php?rest_route=%2Fwp%2Fv2%2Fcategories&post=513"},{"taxonomy":"post_tag","embeddable":true,"href":"https:\/\/anna-kirsch.com\/index.php?rest_route=%2Fwp%2Fv2%2Ftags&post=513"}],"curies":[{"name":"wp","href":"https:\/\/api.w.org\/{rel}","templated":true}]}}